{"id":11004,"date":"2018-06-18T11:52:33","date_gmt":"2018-06-18T11:52:33","guid":{"rendered":"http:\/\/www.prefabri-africa.com\/montaje-de-conjunto-modular-para-comedor-y-vestuario\/"},"modified":"2018-07-02T10:54:07","modified_gmt":"2018-07-02T10:54:07","slug":"ensemble-modulaire-maroc","status":"publish","type":"post","link":"https:\/\/www.prefabri-africa.com\/fr\/ensemble-modulaire-maroc\/","title":{"rendered":"MONTAGE D\u2019ENSEMBLE MODULAIRE POUR SALLE \u00c0 MANGER ET VESTIAIRE"},"content":{"rendered":"<div class=\"entry-content\">\n\n<h3><strong>Prefabri Africa a fourni et mont\u00e9 un ensemble modulaire au Maroc.<\/strong><\/h3>\n<p>Nous avons fabriqu\u00e9 un ensemble modulaire de salle \u00e0 manger et de vestiaire pour les travailleurs d\u2019une soci\u00e9t\u00e9 espagnole install\u00e9 au Maroc. De plus, des modules ont \u00e9t\u00e9 install\u00e9s sur les trois sites de l\u2019entreprise au Maroc. Au total, un ensemble modulaire, un module sanitaire, un module de bureau et un module avec parois transparentes ont \u00e9t\u00e9 install\u00e9s. Les travaux seront achev\u00e9s en mars de cette ann\u00e9e.<\/p>\n<p>Les produits fournis dans nos constructions sont compos\u00e9s d\u2019\u00e9l\u00e9ments de qualit\u00e9 sup\u00e9rieure. Dans son premier niveau de d\u00e9veloppement, les modules propos\u00e9s sont standard, ce qui n\u2019exclue pas la fonctionnalit\u00e9 et la qualit\u00e9 des \u00e9l\u00e9ments. A partir de l\u00e0, nous apportons des am\u00e9liorations, tant au niveau de la qualit\u00e9 que du design, en incorporant d\u2019autres mat\u00e9riaux.<\/p>\n<ul>\n<li><a href=\"http:\/\/www.europa-prefabri.com\/fr\/produits\/\">Tous nos mod\u00e8les<\/a> sont empilables, adossables sur n\u2019importe lequel de leurs quatre c\u00f4t\u00e9s et sont \u00e9galement d\u00e9montables, avec des joints boulonn\u00e9s, sans soudure pour l\u2019assemblage.<\/li>\n<li>La structure m\u00e9tallique de nos modules est fondamentale pour \u00e9valuer leur qualit\u00e9 et leur durabilit\u00e9. Notre qu\u00eate est de d\u00e9velopper un produit de la plus grande simplicit\u00e9 possible. Pour cela, nous avons deux aspects qui fixent nos directives de fabrication : d\u2019une part, le marquage de location, qui exige que le module soit robuste, puisqu\u2019il va \u00eatre soumis \u00e0 un chargement et d\u00e9chargement continu, et d\u2019autre part, le marquage d\u2019exportation, o\u00f9 nous avons besoin d\u2019un assemblage facile qui ne n\u00e9cessite pas de main d\u2019\u0153uvre sp\u00e9cialis\u00e9e. L\u2019assemblage doit \u00eatre facile et profiter pleinement de la capacit\u00e9 de chargement des conteneurs, car cela aura un impact sur le prix final.<\/li>\n<li>La structure de base se compose de deux profils lamin\u00e9s en U, d\u2019une charpente de courroies et d\u2019un syst\u00e8me d\u2019attente pour visser les piliers du module.<\/li>\n<li>La structure du toit a \u00e9t\u00e9 r\u00e9alis\u00e9e gr\u00e2ce \u00e0 un profil galvanis\u00e9, pli\u00e9 ou profil\u00e9. De par sa conception, c\u2019est aussi la goutti\u00e8re de collecte de l\u2019eau et le support de fixation des panneaux de toiture et de fa\u00e7ade.<\/li>\n<li>Les colonnes sont fabriqu\u00e9es \u00e0 partir de profil\u00e9s tubulaires en acier de charpente m\u00e9tallique. Ils peuvent \u00eatre assembl\u00e9s par simple vissage sur les structures de base et de toiture.<\/li>\n<li>Les fixations ou union entre le ch\u00e2ssis de base, les piliers et la couverture sont viss\u00e9s, ils ne n\u00e9cessitent pas de soudure.<\/li>\n<li>Le tableau de sol est form\u00e9 en vissant les tableaux sur la structure m\u00e9tallique de base \u00e0 l\u2019aide de copeaux de bois agglom\u00e9r\u00e9s.<\/li>\n<li>Le PVC de la finition est homog\u00e8ne en rouleaux, coll\u00e9s sur la planche. Cette finition de haute qualit\u00e9 permet le brossage.<\/li>\n<li>La cloison de la fa\u00e7ade est constitu\u00e9e de panneaux sandwich, avec une finition ext\u00e9rieure et int\u00e9rieure en t\u00f4le d\u2019acier pr\u00e9laqu\u00e9 et une isolation entre les deux t\u00f4les en mousse de polyur\u00e9thane rigide de densit\u00e9 moyenne.<\/li>\n<li>La couverture est un panneau sandwich nervur\u00e9, fix\u00e9 \u00e0 la charpente du toit. Il est isol\u00e9 avec de la mousse de polyur\u00e9thane rigide de densit\u00e9 moyenne.<\/li>\n<li>Les \u00e9l\u00e9ments qui forment les divisions internes ont les m\u00eames caract\u00e9ristiques que la cloison de la fa\u00e7ade.<\/li>\n<li>Quant \u00e0 la charpente, les portes d\u2019entr\u00e9e sont m\u00e9talliques avec finition peinture epoxy. Le syst\u00e8me de verrouillage et les ferrures sont en acier ou en aluminium. Les portes ont des fermetures de s\u00e9curit\u00e9 avec serrures. Les portes int\u00e9rieures sont m\u00e9talliques, compos\u00e9es de deux t\u00f4les d\u2019acier au fini lisse et trait\u00e9es avec de la peinture epoxy. Les fen\u00eatres sont r\u00e9alis\u00e9es en profil\u00e9s d\u2019aluminium extrud\u00e9, avec un traitement ext\u00e9rieur laqu\u00e9 blanc. Les fixes sont \u00e9galement r\u00e9alis\u00e9s en profil\u00e9s d\u2019aluminium extrud\u00e9, avec un traitement ext\u00e9rieur laqu\u00e9 en blanc. Les vitres sont de 4mm d\u2019\u00e9paisseur.<\/li>\n<li>En ce qui concerne le r\u00e9seau de distribution de plomberie, tous les modules auront des puisages d\u2019eau en PVC. Les connexions au r\u00e9seau sont toujours aux frais du client. Les sanitaires sont des wcs en porcelaine vitrifi\u00e9e avec citerne basse et m\u00e9canismes de chargement et de d\u00e9chargement, blanches, de qualit\u00e9 moyenne et fix\u00e9es au sol au moyen de vis et de joints. Le lavabo est en porcelaine vitrifi\u00e9e sur socle, blanc, de qualit\u00e9 moyenne et est fix\u00e9 au sol par des vis et des joints d\u2019\u00e9tanch\u00e9it\u00e9. Douche avec plateau, avec \u00e9quipement eau chaude\/froide, rideau inclus. Inclus un chauffe-eau \u00e9lectrique, au cas o\u00f9 de l\u2019eau chaude serait n\u00e9cessaire. Le robinet est fait de laiton de qualit\u00e9 moyenne avec des sorties d\u2019eau froide et chaude.<\/li>\n<li>L\u2019installation \u00e9lectrique est conforme \u00e0 la r\u00e9glementation technique basse tension. Chaque ensemble modulaire dispose d\u2019un panneau de protection. La canalisation se fera au moyen d\u2019un c\u00e2ble en cuivre sans allog\u00e8ne en conduit PVC. Les m\u00e9canismes d\u2019allumage et d\u2019alimentation \u00e9lectrique auront une surface en PVC blanc.<\/li>\n<\/ul>\n<\/div>\n<footer class=\"entry-footer\">\n<div class=\"av-share-box\"><\/div>\n<\/footer>\n","protected":false},"excerpt":{"rendered":"<p>Prefabri Africa a fourni et mont\u00e9 un ensemble modulaire au Maroc. Nous avons fabriqu\u00e9 un ensemble modulaire de salle \u00e0 manger et de vestiaire pour les travailleurs d\u2019une soci\u00e9t\u00e9 espagnole install\u00e9 au Maroc. De plus, des modules ont \u00e9t\u00e9 install\u00e9s sur les trois sites de l\u2019entreprise au Maroc. Au total, un ensemble modulaire, un module [&hellip;]<\/p>\n","protected":false},"author":4,"featured_media":11000,"comment_status":"closed","ping_status":"closed","sticky":false,"template":"","format":"gallery","meta":{"footnotes":""},"categories":[58,294],"tags":[378,337,157],"yoast_head":"<!-- This site is optimized with the Yoast SEO plugin v21.7 - https:\/\/yoast.com\/wordpress\/plugins\/seo\/ -->\n<title>ENSEMBLE MODULAIRE POUR SALLE \u00c0 MANGER ET VESTIAIRE<\/title>\n<meta name=\"description\" content=\"Nous avons fabriqu\u00e9 un ensemble modulaire de salle \u00e0 manger et de vestiaire pour les travailleurs d\u2019une soci\u00e9t\u00e9 espagnole situ\u00e9 au Maroc.\" \/>\n<meta name=\"robots\" content=\"index, follow, max-snippet:-1, max-image-preview:large, max-video-preview:-1\" \/>\n<link rel=\"canonical\" href=\"https:\/\/www.prefabri-africa.com\/fr\/ensemble-modulaire-maroc\/\" \/>\n<meta property=\"og:locale\" content=\"fr_FR\" \/>\n<meta property=\"og:type\" content=\"article\" \/>\n<meta property=\"og:title\" content=\"ENSEMBLE MODULAIRE POUR SALLE \u00c0 MANGER ET VESTIAIRE\" \/>\n<meta property=\"og:description\" content=\"Nous avons fabriqu\u00e9 un ensemble modulaire de salle \u00e0 manger et de vestiaire pour les travailleurs d\u2019une soci\u00e9t\u00e9 espagnole situ\u00e9 au Maroc.\" \/>\n<meta property=\"og:url\" content=\"https:\/\/www.prefabri-africa.com\/fr\/ensemble-modulaire-maroc\/\" \/>\n<meta property=\"og:site_name\" content=\"PREFABRI AFRICA - Prefabricated Modular Buildings\" \/>\n<meta property=\"article:published_time\" content=\"2018-06-18T11:52:33+00:00\" \/>\n<meta property=\"article:modified_time\" content=\"2018-07-02T10:54:07+00:00\" \/>\n<meta property=\"og:image\" content=\"https:\/\/www.prefabri-africa.com\/wp-content\/uploads\/conjunto-orihuela-1030x579.jpg\" \/>\n\t<meta property=\"og:image:width\" content=\"1030\" \/>\n\t<meta property=\"og:image:height\" content=\"579\" \/>\n\t<meta property=\"og:image:type\" content=\"image\/jpeg\" \/>\n<meta name=\"author\" content=\"admin\" \/>\n<meta name=\"twitter:card\" content=\"summary_large_image\" \/>\n<meta name=\"twitter:creator\" content=\"@EuropaPrefabri\" \/>\n<meta name=\"twitter:label1\" content=\"\u00c9crit par\" \/>\n\t<meta name=\"twitter:data1\" content=\"admin\" \/>\n\t<meta name=\"twitter:label2\" content=\"Dur\u00e9e de lecture estim\u00e9e\" \/>\n\t<meta name=\"twitter:data2\" content=\"4 minutes\" \/>\n<script type=\"application\/ld+json\" class=\"yoast-schema-graph\">{\"@context\":\"https:\/\/schema.org\",\"@graph\":[{\"@type\":\"Article\",\"@id\":\"https:\/\/www.prefabri-africa.com\/fr\/ensemble-modulaire-maroc\/#article\",\"isPartOf\":{\"@id\":\"https:\/\/www.prefabri-africa.com\/fr\/ensemble-modulaire-maroc\/\"},\"author\":{\"name\":\"admin\",\"@id\":\"https:\/\/www.prefabri-africa.com\/#\/schema\/person\/911c88e257e6de9a12d2de9c5cedca9b\"},\"headline\":\"MONTAGE D\u2019ENSEMBLE MODULAIRE POUR SALLE \u00c0 MANGER ET VESTIAIRE\",\"datePublished\":\"2018-06-18T11:52:33+00:00\",\"dateModified\":\"2018-07-02T10:54:07+00:00\",\"mainEntityOfPage\":{\"@id\":\"https:\/\/www.prefabri-africa.com\/fr\/ensemble-modulaire-maroc\/\"},\"wordCount\":890,\"publisher\":{\"@id\":\"https:\/\/www.prefabri-africa.com\/#organization\"},\"keywords\":[\"CONJUNTO MODULAR\",\"CONSTRUCCION MODULAR\",\"construction modulaire\"],\"articleSection\":[\"Actualit\u00e9s\",\"Projets R\u00e9cents\"],\"inLanguage\":\"fr-FR\"},{\"@type\":\"WebPage\",\"@id\":\"https:\/\/www.prefabri-africa.com\/fr\/ensemble-modulaire-maroc\/\",\"url\":\"https:\/\/www.prefabri-africa.com\/fr\/ensemble-modulaire-maroc\/\",\"name\":\"ENSEMBLE MODULAIRE POUR SALLE \u00c0 MANGER ET VESTIAIRE\",\"isPartOf\":{\"@id\":\"https:\/\/www.prefabri-africa.com\/#website\"},\"datePublished\":\"2018-06-18T11:52:33+00:00\",\"dateModified\":\"2018-07-02T10:54:07+00:00\",\"description\":\"Nous avons fabriqu\u00e9 un ensemble modulaire de salle \u00e0 manger et de vestiaire pour les travailleurs d\u2019une soci\u00e9t\u00e9 espagnole situ\u00e9 au Maroc.\",\"breadcrumb\":{\"@id\":\"https:\/\/www.prefabri-africa.com\/fr\/ensemble-modulaire-maroc\/#breadcrumb\"},\"inLanguage\":\"fr-FR\",\"potentialAction\":[{\"@type\":\"ReadAction\",\"target\":[\"https:\/\/www.prefabri-africa.com\/fr\/ensemble-modulaire-maroc\/\"]}]},{\"@type\":\"BreadcrumbList\",\"@id\":\"https:\/\/www.prefabri-africa.com\/fr\/ensemble-modulaire-maroc\/#breadcrumb\",\"itemListElement\":[{\"@type\":\"ListItem\",\"position\":1,\"name\":\"Portada\",\"item\":\"https:\/\/www.prefabri-africa.com\/fr\/\"},{\"@type\":\"ListItem\",\"position\":2,\"name\":\"MONTAGE D\u2019ENSEMBLE MODULAIRE POUR SALLE \u00c0 MANGER ET VESTIAIRE\"}]},{\"@type\":\"WebSite\",\"@id\":\"https:\/\/www.prefabri-africa.com\/#website\",\"url\":\"https:\/\/www.prefabri-africa.com\/\",\"name\":\"PREFABRI AFRICA - Prefabricated Modular Buildings\",\"description\":\"Alquiler y venta de construcciones modulares, casetas de obra, marquesinas de aparcamiento y vallas y cerramientos.\",\"publisher\":{\"@id\":\"https:\/\/www.prefabri-africa.com\/#organization\"},\"potentialAction\":[{\"@type\":\"SearchAction\",\"target\":{\"@type\":\"EntryPoint\",\"urlTemplate\":\"https:\/\/www.prefabri-africa.com\/?s={search_term_string}\"},\"query-input\":\"required name=search_term_string\"}],\"inLanguage\":\"fr-FR\"},{\"@type\":\"Organization\",\"@id\":\"https:\/\/www.prefabri-africa.com\/#organization\",\"name\":\"Prefabri SL\",\"url\":\"https:\/\/www.prefabri-africa.com\/\",\"logo\":{\"@type\":\"ImageObject\",\"inLanguage\":\"fr-FR\",\"@id\":\"https:\/\/www.prefabri-africa.com\/#\/schema\/logo\/image\/\",\"url\":\"https:\/\/www.prefabri-africa.com\/wp-content\/uploads\/logo.png\",\"contentUrl\":\"https:\/\/www.prefabri-africa.com\/wp-content\/uploads\/logo.png\",\"width\":211,\"height\":103,\"caption\":\"Prefabri SL\"},\"image\":{\"@id\":\"https:\/\/www.prefabri-africa.com\/#\/schema\/logo\/image\/\"}},{\"@type\":\"Person\",\"@id\":\"https:\/\/www.prefabri-africa.com\/#\/schema\/person\/911c88e257e6de9a12d2de9c5cedca9b\",\"name\":\"admin\",\"image\":{\"@type\":\"ImageObject\",\"inLanguage\":\"fr-FR\",\"@id\":\"https:\/\/www.prefabri-africa.com\/#\/schema\/person\/image\/\",\"url\":\"https:\/\/secure.gravatar.com\/avatar\/197b0fcc721d6b4c41522d8b83dfc3db?s=96&d=mm&r=g\",\"contentUrl\":\"https:\/\/secure.gravatar.com\/avatar\/197b0fcc721d6b4c41522d8b83dfc3db?s=96&d=mm&r=g\",\"caption\":\"admin\"},\"sameAs\":[\"https:\/\/www.europa-prefabri.com\",\"https:\/\/twitter.com\/@EuropaPrefabri\"]}]}<\/script>\n<!-- \/ Yoast SEO plugin. -->","yoast_head_json":{"title":"ENSEMBLE MODULAIRE POUR SALLE \u00c0 MANGER ET VESTIAIRE","description":"Nous avons fabriqu\u00e9 un ensemble modulaire de salle \u00e0 manger et de vestiaire pour les travailleurs d\u2019une soci\u00e9t\u00e9 espagnole situ\u00e9 au Maroc.","robots":{"index":"index","follow":"follow","max-snippet":"max-snippet:-1","max-image-preview":"max-image-preview:large","max-video-preview":"max-video-preview:-1"},"canonical":"https:\/\/www.prefabri-africa.com\/fr\/ensemble-modulaire-maroc\/","og_locale":"fr_FR","og_type":"article","og_title":"ENSEMBLE MODULAIRE POUR SALLE \u00c0 MANGER ET VESTIAIRE","og_description":"Nous avons fabriqu\u00e9 un ensemble modulaire de salle \u00e0 manger et de vestiaire pour les travailleurs d\u2019une soci\u00e9t\u00e9 espagnole situ\u00e9 au Maroc.","og_url":"https:\/\/www.prefabri-africa.com\/fr\/ensemble-modulaire-maroc\/","og_site_name":"PREFABRI AFRICA - Prefabricated Modular Buildings","article_published_time":"2018-06-18T11:52:33+00:00","article_modified_time":"2018-07-02T10:54:07+00:00","og_image":[{"width":"1030","height":"579","url":"https:\/\/www.prefabri-africa.com\/wp-content\/uploads\/conjunto-orihuela-1030x579.jpg","type":"image\/jpeg"}],"author":"admin","twitter_card":"summary_large_image","twitter_creator":"@EuropaPrefabri","twitter_misc":{"\u00c9crit par":"admin","Dur\u00e9e de lecture estim\u00e9e":"4 minutes"},"schema":{"@context":"https:\/\/schema.org","@graph":[{"@type":"Article","@id":"https:\/\/www.prefabri-africa.com\/fr\/ensemble-modulaire-maroc\/#article","isPartOf":{"@id":"https:\/\/www.prefabri-africa.com\/fr\/ensemble-modulaire-maroc\/"},"author":{"name":"admin","@id":"https:\/\/www.prefabri-africa.com\/#\/schema\/person\/911c88e257e6de9a12d2de9c5cedca9b"},"headline":"MONTAGE D\u2019ENSEMBLE MODULAIRE POUR SALLE \u00c0 MANGER ET VESTIAIRE","datePublished":"2018-06-18T11:52:33+00:00","dateModified":"2018-07-02T10:54:07+00:00","mainEntityOfPage":{"@id":"https:\/\/www.prefabri-africa.com\/fr\/ensemble-modulaire-maroc\/"},"wordCount":890,"publisher":{"@id":"https:\/\/www.prefabri-africa.com\/#organization"},"keywords":["CONJUNTO MODULAR","CONSTRUCCION MODULAR","construction modulaire"],"articleSection":["Actualit\u00e9s","Projets R\u00e9cents"],"inLanguage":"fr-FR"},{"@type":"WebPage","@id":"https:\/\/www.prefabri-africa.com\/fr\/ensemble-modulaire-maroc\/","url":"https:\/\/www.prefabri-africa.com\/fr\/ensemble-modulaire-maroc\/","name":"ENSEMBLE MODULAIRE POUR SALLE \u00c0 MANGER ET VESTIAIRE","isPartOf":{"@id":"https:\/\/www.prefabri-africa.com\/#website"},"datePublished":"2018-06-18T11:52:33+00:00","dateModified":"2018-07-02T10:54:07+00:00","description":"Nous avons fabriqu\u00e9 un ensemble modulaire de salle \u00e0 manger et de vestiaire pour les travailleurs d\u2019une soci\u00e9t\u00e9 espagnole situ\u00e9 au Maroc.","breadcrumb":{"@id":"https:\/\/www.prefabri-africa.com\/fr\/ensemble-modulaire-maroc\/#breadcrumb"},"inLanguage":"fr-FR","potentialAction":[{"@type":"ReadAction","target":["https:\/\/www.prefabri-africa.com\/fr\/ensemble-modulaire-maroc\/"]}]},{"@type":"BreadcrumbList","@id":"https:\/\/www.prefabri-africa.com\/fr\/ensemble-modulaire-maroc\/#breadcrumb","itemListElement":[{"@type":"ListItem","position":1,"name":"Portada","item":"https:\/\/www.prefabri-africa.com\/fr\/"},{"@type":"ListItem","position":2,"name":"MONTAGE D\u2019ENSEMBLE MODULAIRE POUR SALLE \u00c0 MANGER ET VESTIAIRE"}]},{"@type":"WebSite","@id":"https:\/\/www.prefabri-africa.com\/#website","url":"https:\/\/www.prefabri-africa.com\/","name":"PREFABRI AFRICA - Prefabricated Modular Buildings","description":"Alquiler y venta de construcciones modulares, casetas de obra, marquesinas de aparcamiento y vallas y cerramientos.","publisher":{"@id":"https:\/\/www.prefabri-africa.com\/#organization"},"potentialAction":[{"@type":"SearchAction","target":{"@type":"EntryPoint","urlTemplate":"https:\/\/www.prefabri-africa.com\/?s={search_term_string}"},"query-input":"required name=search_term_string"}],"inLanguage":"fr-FR"},{"@type":"Organization","@id":"https:\/\/www.prefabri-africa.com\/#organization","name":"Prefabri SL","url":"https:\/\/www.prefabri-africa.com\/","logo":{"@type":"ImageObject","inLanguage":"fr-FR","@id":"https:\/\/www.prefabri-africa.com\/#\/schema\/logo\/image\/","url":"https:\/\/www.prefabri-africa.com\/wp-content\/uploads\/logo.png","contentUrl":"https:\/\/www.prefabri-africa.com\/wp-content\/uploads\/logo.png","width":211,"height":103,"caption":"Prefabri SL"},"image":{"@id":"https:\/\/www.prefabri-africa.com\/#\/schema\/logo\/image\/"}},{"@type":"Person","@id":"https:\/\/www.prefabri-africa.com\/#\/schema\/person\/911c88e257e6de9a12d2de9c5cedca9b","name":"admin","image":{"@type":"ImageObject","inLanguage":"fr-FR","@id":"https:\/\/www.prefabri-africa.com\/#\/schema\/person\/image\/","url":"https:\/\/secure.gravatar.com\/avatar\/197b0fcc721d6b4c41522d8b83dfc3db?s=96&d=mm&r=g","contentUrl":"https:\/\/secure.gravatar.com\/avatar\/197b0fcc721d6b4c41522d8b83dfc3db?s=96&d=mm&r=g","caption":"admin"},"sameAs":["https:\/\/www.europa-prefabri.com","https:\/\/twitter.com\/@EuropaPrefabri"]}]}},"_links":{"self":[{"href":"https:\/\/www.prefabri-africa.com\/fr\/wp-json\/wp\/v2\/posts\/11004"}],"collection":[{"href":"https:\/\/www.prefabri-africa.com\/fr\/wp-json\/wp\/v2\/posts"}],"about":[{"href":"https:\/\/www.prefabri-africa.com\/fr\/wp-json\/wp\/v2\/types\/post"}],"author":[{"embeddable":true,"href":"https:\/\/www.prefabri-africa.com\/fr\/wp-json\/wp\/v2\/users\/4"}],"replies":[{"embeddable":true,"href":"https:\/\/www.prefabri-africa.com\/fr\/wp-json\/wp\/v2\/comments?post=11004"}],"version-history":[{"count":4,"href":"https:\/\/www.prefabri-africa.com\/fr\/wp-json\/wp\/v2\/posts\/11004\/revisions"}],"predecessor-version":[{"id":11253,"href":"https:\/\/www.prefabri-africa.com\/fr\/wp-json\/wp\/v2\/posts\/11004\/revisions\/11253"}],"wp:featuredmedia":[{"embeddable":true,"href":"https:\/\/www.prefabri-africa.com\/fr\/wp-json\/wp\/v2\/media\/11000"}],"wp:attachment":[{"href":"https:\/\/www.prefabri-africa.com\/fr\/wp-json\/wp\/v2\/media?parent=11004"}],"wp:term":[{"taxonomy":"category","embeddable":true,"href":"https:\/\/www.prefabri-africa.com\/fr\/wp-json\/wp\/v2\/categories?post=11004"},{"taxonomy":"post_tag","embeddable":true,"href":"https:\/\/www.prefabri-africa.com\/fr\/wp-json\/wp\/v2\/tags?post=11004"}],"curies":[{"name":"wp","href":"https:\/\/api.w.org\/{rel}","templated":true}]}}