{"id":10961,"date":"2018-06-18T10:27:01","date_gmt":"2018-06-18T10:27:01","guid":{"rendered":"http:\/\/www.prefabri-africa.com\/nuevo-pasillo-peatonal-en-el-aeropuerto-de-barajas\/"},"modified":"2019-02-25T11:13:10","modified_gmt":"2019-02-25T11:13:10","slug":"voie-pietonne-aeroport-de-barajas","status":"publish","type":"post","link":"https:\/\/www.prefabri-africa.com\/fr\/voie-pietonne-aeroport-de-barajas\/","title":{"rendered":"NOUVELLE VOIE PI\u00c9TONNE \u00c0 L\u2019A\u00c9ROPORT DE BARAJAS"},"content":{"rendered":"\n<h3><strong>Cette voie<\/strong>\u00a0pi\u00e9tonne<strong> reliera le parking d\u2019autobus et le Terminal 1 de l\u2019a\u00e9roport<\/strong><\/h3>\n<p>Depuis notre cr\u00e9ation, \u00e0 <strong>Prefabri Africa<\/strong>\u00a0nous nous pr\u00e9occupons de la protection des v\u00e9hicules, sans oublier, bien s\u00fbr, la protection des pi\u00e9tons. Pour cela nous avons con\u00e7u un abri pour voie pi\u00e9tonne permettant aux personnes de se d\u00e9placer facilement du parking \u00e0 l\u2019a\u00e9roport avec leurs bagages, sacs, enfants etc.<\/p>\n<p>Une fois de plus, l\u2019entreprise<strong>\u00a0Padecasa<\/strong>\u00a0a pu compter sur nous quand \u00e0 la construction d\u2019un abri pour voie pi\u00e9tonne dans le parking de bus du Terminal 1 de l\u2019a\u00e9roport Adolfo Su\u00e1rez Madrid Bajaras.<\/p>\n<p>Nous avons couvert 163 m\u00e8tres lin\u00e9aires de couloir avec une couverture en polycarbonate. L\u2019ensemble du parcours est couvert pour faciliter le trajet entre le parking de bus et l\u2019entr\u00e9e du terminal, en \u00e9vitant l\u2019exposition directe \u00e0 la pluie, au vent et au rayonnement solaire.<\/p>\n<p>L\u2019a\u00e9roport offre aux utilisateurs toutes les commodit\u00e9s dont ils ont besoin pour commencer leurs vacances, voyages d\u2019affaires ou visites familiales de la meilleure fa\u00e7on possible. \u00c0 cet effet, l\u2019a\u00e9roport dispose d\u2019abris de parking mod\u00e8le Prefabri Africa, parmi lequel nous pouvons retrouver les mod\u00e8les \u00e9num\u00e9r\u00e9s ci-dessous :<\/p>\n<h3><strong>Abris de parking pour a\u00e9roports :<\/strong><\/h3>\n<p><img loading=\"lazy\" decoding=\"async\" class=\"aligncenter wp-image-15790\" src=\"http:\/\/www.europa-prefabri.com\/wp-content\/uploads\/abris-voiture-metalliques-avec-une-couverture-en-tole-pour-l-aeroport-de-madrid-1-300x300.jpg\" sizes=\"(max-width: 455px) 100vw, 455px\" srcset=\"http:\/\/www.europa-prefabri.com\/wp-content\/uploads\/abris-voiture-metalliques-avec-une-couverture-en-tole-pour-l-aeroport-de-madrid-1-300x300.jpg 300w, http:\/\/www.europa-prefabri.com\/wp-content\/uploads\/abris-voiture-metalliques-avec-une-couverture-en-tole-pour-l-aeroport-de-madrid-1-80x80.jpg 80w, http:\/\/www.europa-prefabri.com\/wp-content\/uploads\/abris-voiture-metalliques-avec-une-couverture-en-tole-pour-l-aeroport-de-madrid-1-36x36.jpg 36w, http:\/\/www.europa-prefabri.com\/wp-content\/uploads\/abris-voiture-metalliques-avec-une-couverture-en-tole-pour-l-aeroport-de-madrid-1-180x180.jpg 180w, http:\/\/www.europa-prefabri.com\/wp-content\/uploads\/abris-voiture-metalliques-avec-une-couverture-en-tole-pour-l-aeroport-de-madrid-1-120x120.jpg 120w, http:\/\/www.europa-prefabri.com\/wp-content\/uploads\/abris-voiture-metalliques-avec-une-couverture-en-tole-pour-l-aeroport-de-madrid-1-450x451.jpg 450w, http:\/\/www.europa-prefabri.com\/wp-content\/uploads\/abris-voiture-metalliques-avec-une-couverture-en-tole-pour-l-aeroport-de-madrid-1.jpg 599w\" alt=\"voie pi\u00e9tonne\" width=\"455\" height=\"455\" \/><\/p>\n<ul>\n<li>La conception, le transport et le montage des abris de parking de l\u2019a\u00e9roport de Madrid Barajas avec 1.300 places de parking. Pour la r\u00e9alisation de ce projet, nous avons dus pr\u00e9c\u00e9demment d\u00e9monter plus de 1.200 places de parking et nettoyer la zone. Les travaux ont \u00e9t\u00e9 r\u00e9alis\u00e9s en 4 phases, les toitures textiles,\u00a0<a href=\"http:\/\/www.europa-prefabri.com\/fr\/carports-pour-le-parking-vip-du-t1-de-laeroport-madrid-barajas\/\">l\u2019installation des auvents pour le parking VIP<\/a>,<a href=\"http:\/\/www.europa-prefabri.com\/fr\/voie-pietonne-aeroport-madrid\/\">\u00a0abris de la voie pi\u00e9tonne\u2026<\/a><\/li>\n<\/ul>\n<p><img loading=\"lazy\" decoding=\"async\" class=\"wp-image-11816 aligncenter\" src=\"http:\/\/www.prefabri-africa.com\/wp-content\/uploads\/campamento-modular-para-kolpa-en-peru-02-1.jpg\" sizes=\"(max-width: 457px) 100vw, 457px\" srcset=\"http:\/\/www.prefabri-africa.com\/wp-content\/uploads\/campamento-modular-para-kolpa-en-peru-02-1.jpg 300w, http:\/\/www.europa-prefabri.com\/wp-content\/uploads\/IMG-20161031-WA0001-768x576.png 768w, http:\/\/www.europa-prefabri.com\/wp-content\/uploads\/IMG-20161031-WA0001-705x529.png 705w, http:\/\/www.europa-prefabri.com\/wp-content\/uploads\/IMG-20161031-WA0001-450x338.png 450w, http:\/\/www.europa-prefabri.com\/wp-content\/uploads\/IMG-20161031-WA0001.png 800w\" alt=\"parking-preferente-en-aeropuerto-malaga-08\" width=\"457\" height=\"343\" \/><\/p>\n<ul>\n<li>La conception, l\u2019assemblage et le transport d<a href=\"http:\/\/www.europa-prefabri.com\/fr\/parking-particulier-a-l-aeroport-de-malaga\/\">\u2019abris de parking pour AENA \u00e0 l\u2019a\u00e9roport de Malaga<\/a>\u00a0pour 90 places de parking avec le mod\u00e8le \u00ab\u00a0OLA\u00a0\u00bb qui a la couverture mini-onde. La distribution est de 2 modules simples, le premier pour 59 places et le second pour 31 places. Et l\u2019assemblage de 3 abris sp\u00e9ciaux pour couvrir les barri\u00e8res d\u2019entr\u00e9e et la sortie du parking, ainsi qu\u2019un autre abri sp\u00e9cial pour couvrir les distributeurs automatiques.<\/li>\n<\/ul>\n<p><img loading=\"lazy\" decoding=\"async\" class=\"alignnone wp-image-7117 aligncenter\" src=\"http:\/\/www.prefabri-africa.com\/wp-content\/uploads\/\/IMGP5029_800x60011-300x225.jpg\" sizes=\"(max-width: 443px) 100vw, 443px\" srcset=\"http:\/\/www.prefabri-africa.com\/wp-content\/uploads\/\/IMGP5029_800x60011-300x225.jpg 300w, http:\/\/www.europa-prefabri.com\/wp-content\/uploads\/IMGP5029_800x60011-705x529.jpg 705w, http:\/\/www.europa-prefabri.com\/wp-content\/uploads\/IMGP5029_800x60011-450x338.jpg 450w, http:\/\/www.europa-prefabri.com\/wp-content\/uploads\/IMGP5029_800x60011.jpg 800w\" alt=\"\" width=\"443\" height=\"332\" \/><\/p>\n<ul>\n<li>Nous avons con\u00e7u et install\u00e9 1 200\u00a0<a href=\"http:\/\/www.europa-prefabri.com\/fr\/parking-laeroport-san-javier\/\">abris de parking du mod\u00e8le OLA pour l\u2019a\u00e9roport de San Javier<\/a>, \u00e0 Murcia.<\/li>\n<\/ul>\n","protected":false},"excerpt":{"rendered":"<p>Cette voie\u00a0pi\u00e9tonne reliera le parking d\u2019autobus et le Terminal 1 de l\u2019a\u00e9roport Depuis notre cr\u00e9ation, \u00e0 Prefabri Africa\u00a0nous nous pr\u00e9occupons de la protection des v\u00e9hicules, sans oublier, bien s\u00fbr, la protection des pi\u00e9tons. Pour cela nous avons con\u00e7u un abri pour voie pi\u00e9tonne permettant aux personnes de se d\u00e9placer facilement du parking \u00e0 l\u2019a\u00e9roport avec [&hellip;]<\/p>\n","protected":false},"author":4,"featured_media":10952,"comment_status":"closed","ping_status":"closed","sticky":false,"template":"","format":"gallery","meta":{"footnotes":""},"categories":[42,294,1],"tags":[152],"yoast_head":"<!-- This site is optimized with the Yoast SEO plugin v21.7 - https:\/\/yoast.com\/wordpress\/plugins\/seo\/ -->\n<title>VOIE PI\u00c9TONNE \u00c0 L\u2019A\u00c9ROPORT DE BARAJAS | PREFABRI AFRICA<\/title>\n<meta name=\"description\" content=\"Cette voie\u00a0pi\u00e9tonne reliera le parking d\u2019autobus et le Terminal 1 de l\u2019a\u00e9roport, permettant aux personnes de se d\u00e9placer facilement du parking \u00e0 l\u2019a\u00e9roport.\" \/>\n<meta name=\"robots\" content=\"index, follow, max-snippet:-1, max-image-preview:large, max-video-preview:-1\" \/>\n<link rel=\"canonical\" href=\"https:\/\/www.prefabri-africa.com\/fr\/voie-pietonne-aeroport-de-barajas\/\" \/>\n<meta property=\"og:locale\" content=\"fr_FR\" \/>\n<meta property=\"og:type\" content=\"article\" \/>\n<meta property=\"og:title\" content=\"VOIE PI\u00c9TONNE \u00c0 L\u2019A\u00c9ROPORT DE BARAJAS | PREFABRI AFRICA\" \/>\n<meta property=\"og:description\" content=\"Cette voie\u00a0pi\u00e9tonne reliera le parking d\u2019autobus et le Terminal 1 de l\u2019a\u00e9roport, permettant aux personnes de se d\u00e9placer facilement du parking \u00e0 l\u2019a\u00e9roport.\" \/>\n<meta property=\"og:url\" content=\"https:\/\/www.prefabri-africa.com\/fr\/voie-pietonne-aeroport-de-barajas\/\" \/>\n<meta property=\"og:site_name\" content=\"PREFABRI AFRICA - Prefabricated Modular Buildings\" \/>\n<meta property=\"article:published_time\" content=\"2018-06-18T10:27:01+00:00\" \/>\n<meta property=\"article:modified_time\" content=\"2019-02-25T11:13:10+00:00\" \/>\n<meta property=\"og:image\" content=\"https:\/\/www.prefabri-africa.com\/wp-content\/uploads\/abris-voiture-metalliques-avec-une-couverture-en-tole-pour-l-aeroport-de-madrid-1.jpg\" \/>\n\t<meta property=\"og:image:width\" content=\"599\" \/>\n\t<meta property=\"og:image:height\" content=\"600\" \/>\n\t<meta property=\"og:image:type\" content=\"image\/jpeg\" \/>\n<meta name=\"author\" content=\"admin\" \/>\n<meta name=\"twitter:card\" content=\"summary_large_image\" \/>\n<meta name=\"twitter:creator\" content=\"@EuropaPrefabri\" \/>\n<meta name=\"twitter:label1\" content=\"\u00c9crit par\" \/>\n\t<meta name=\"twitter:data1\" content=\"admin\" \/>\n\t<meta name=\"twitter:label2\" content=\"Dur\u00e9e de lecture estim\u00e9e\" \/>\n\t<meta name=\"twitter:data2\" content=\"2 minutes\" \/>\n<script type=\"application\/ld+json\" class=\"yoast-schema-graph\">{\"@context\":\"https:\/\/schema.org\",\"@graph\":[{\"@type\":\"Article\",\"@id\":\"https:\/\/www.prefabri-africa.com\/fr\/voie-pietonne-aeroport-de-barajas\/#article\",\"isPartOf\":{\"@id\":\"https:\/\/www.prefabri-africa.com\/fr\/voie-pietonne-aeroport-de-barajas\/\"},\"author\":{\"name\":\"admin\",\"@id\":\"https:\/\/www.prefabri-africa.com\/#\/schema\/person\/911c88e257e6de9a12d2de9c5cedca9b\"},\"headline\":\"NOUVELLE VOIE PI\u00c9TONNE \u00c0 L\u2019A\u00c9ROPORT DE BARAJAS\",\"datePublished\":\"2018-06-18T10:27:01+00:00\",\"dateModified\":\"2019-02-25T11:13:10+00:00\",\"mainEntityOfPage\":{\"@id\":\"https:\/\/www.prefabri-africa.com\/fr\/voie-pietonne-aeroport-de-barajas\/\"},\"wordCount\":405,\"publisher\":{\"@id\":\"https:\/\/www.prefabri-africa.com\/#organization\"},\"keywords\":[\"abris de parking\"],\"articleSection\":[\"Noticias\",\"Projets R\u00e9cents\",\"Sin categor\u00eda\"],\"inLanguage\":\"fr-FR\"},{\"@type\":\"WebPage\",\"@id\":\"https:\/\/www.prefabri-africa.com\/fr\/voie-pietonne-aeroport-de-barajas\/\",\"url\":\"https:\/\/www.prefabri-africa.com\/fr\/voie-pietonne-aeroport-de-barajas\/\",\"name\":\"VOIE PI\u00c9TONNE \u00c0 L\u2019A\u00c9ROPORT DE BARAJAS | PREFABRI AFRICA\",\"isPartOf\":{\"@id\":\"https:\/\/www.prefabri-africa.com\/#website\"},\"datePublished\":\"2018-06-18T10:27:01+00:00\",\"dateModified\":\"2019-02-25T11:13:10+00:00\",\"description\":\"Cette voie\u00a0pi\u00e9tonne reliera le parking d\u2019autobus et le Terminal 1 de l\u2019a\u00e9roport, permettant aux personnes de se d\u00e9placer facilement du parking \u00e0 l\u2019a\u00e9roport.\",\"breadcrumb\":{\"@id\":\"https:\/\/www.prefabri-africa.com\/fr\/voie-pietonne-aeroport-de-barajas\/#breadcrumb\"},\"inLanguage\":\"fr-FR\",\"potentialAction\":[{\"@type\":\"ReadAction\",\"target\":[\"https:\/\/www.prefabri-africa.com\/fr\/voie-pietonne-aeroport-de-barajas\/\"]}]},{\"@type\":\"BreadcrumbList\",\"@id\":\"https:\/\/www.prefabri-africa.com\/fr\/voie-pietonne-aeroport-de-barajas\/#breadcrumb\",\"itemListElement\":[{\"@type\":\"ListItem\",\"position\":1,\"name\":\"Portada\",\"item\":\"https:\/\/www.prefabri-africa.com\/fr\/\"},{\"@type\":\"ListItem\",\"position\":2,\"name\":\"NOUVELLE VOIE PI\u00c9TONNE \u00c0 L\u2019A\u00c9ROPORT DE BARAJAS\"}]},{\"@type\":\"WebSite\",\"@id\":\"https:\/\/www.prefabri-africa.com\/#website\",\"url\":\"https:\/\/www.prefabri-africa.com\/\",\"name\":\"PREFABRI AFRICA - Prefabricated Modular Buildings\",\"description\":\"Alquiler y venta de construcciones modulares, casetas de obra, marquesinas de aparcamiento y vallas y cerramientos.\",\"publisher\":{\"@id\":\"https:\/\/www.prefabri-africa.com\/#organization\"},\"potentialAction\":[{\"@type\":\"SearchAction\",\"target\":{\"@type\":\"EntryPoint\",\"urlTemplate\":\"https:\/\/www.prefabri-africa.com\/?s={search_term_string}\"},\"query-input\":\"required name=search_term_string\"}],\"inLanguage\":\"fr-FR\"},{\"@type\":\"Organization\",\"@id\":\"https:\/\/www.prefabri-africa.com\/#organization\",\"name\":\"Prefabri SL\",\"url\":\"https:\/\/www.prefabri-africa.com\/\",\"logo\":{\"@type\":\"ImageObject\",\"inLanguage\":\"fr-FR\",\"@id\":\"https:\/\/www.prefabri-africa.com\/#\/schema\/logo\/image\/\",\"url\":\"https:\/\/www.prefabri-africa.com\/wp-content\/uploads\/logo.png\",\"contentUrl\":\"https:\/\/www.prefabri-africa.com\/wp-content\/uploads\/logo.png\",\"width\":211,\"height\":103,\"caption\":\"Prefabri SL\"},\"image\":{\"@id\":\"https:\/\/www.prefabri-africa.com\/#\/schema\/logo\/image\/\"}},{\"@type\":\"Person\",\"@id\":\"https:\/\/www.prefabri-africa.com\/#\/schema\/person\/911c88e257e6de9a12d2de9c5cedca9b\",\"name\":\"admin\",\"image\":{\"@type\":\"ImageObject\",\"inLanguage\":\"fr-FR\",\"@id\":\"https:\/\/www.prefabri-africa.com\/#\/schema\/person\/image\/\",\"url\":\"https:\/\/secure.gravatar.com\/avatar\/197b0fcc721d6b4c41522d8b83dfc3db?s=96&d=mm&r=g\",\"contentUrl\":\"https:\/\/secure.gravatar.com\/avatar\/197b0fcc721d6b4c41522d8b83dfc3db?s=96&d=mm&r=g\",\"caption\":\"admin\"},\"sameAs\":[\"https:\/\/www.europa-prefabri.com\",\"https:\/\/twitter.com\/@EuropaPrefabri\"]}]}<\/script>\n<!-- \/ Yoast SEO plugin. -->","yoast_head_json":{"title":"VOIE PI\u00c9TONNE \u00c0 L\u2019A\u00c9ROPORT DE BARAJAS | PREFABRI AFRICA","description":"Cette voie\u00a0pi\u00e9tonne reliera le parking d\u2019autobus et le Terminal 1 de l\u2019a\u00e9roport, permettant aux personnes de se d\u00e9placer facilement du parking \u00e0 l\u2019a\u00e9roport.","robots":{"index":"index","follow":"follow","max-snippet":"max-snippet:-1","max-image-preview":"max-image-preview:large","max-video-preview":"max-video-preview:-1"},"canonical":"https:\/\/www.prefabri-africa.com\/fr\/voie-pietonne-aeroport-de-barajas\/","og_locale":"fr_FR","og_type":"article","og_title":"VOIE PI\u00c9TONNE \u00c0 L\u2019A\u00c9ROPORT DE BARAJAS | PREFABRI AFRICA","og_description":"Cette voie\u00a0pi\u00e9tonne reliera le parking d\u2019autobus et le Terminal 1 de l\u2019a\u00e9roport, permettant aux personnes de se d\u00e9placer facilement du parking \u00e0 l\u2019a\u00e9roport.","og_url":"https:\/\/www.prefabri-africa.com\/fr\/voie-pietonne-aeroport-de-barajas\/","og_site_name":"PREFABRI AFRICA - Prefabricated Modular Buildings","article_published_time":"2018-06-18T10:27:01+00:00","article_modified_time":"2019-02-25T11:13:10+00:00","og_image":[{"width":"599","height":"600","url":"https:\/\/www.prefabri-africa.com\/wp-content\/uploads\/abris-voiture-metalliques-avec-une-couverture-en-tole-pour-l-aeroport-de-madrid-1.jpg","type":"image\/jpeg"}],"author":"admin","twitter_card":"summary_large_image","twitter_creator":"@EuropaPrefabri","twitter_misc":{"\u00c9crit par":"admin","Dur\u00e9e de lecture estim\u00e9e":"2 minutes"},"schema":{"@context":"https:\/\/schema.org","@graph":[{"@type":"Article","@id":"https:\/\/www.prefabri-africa.com\/fr\/voie-pietonne-aeroport-de-barajas\/#article","isPartOf":{"@id":"https:\/\/www.prefabri-africa.com\/fr\/voie-pietonne-aeroport-de-barajas\/"},"author":{"name":"admin","@id":"https:\/\/www.prefabri-africa.com\/#\/schema\/person\/911c88e257e6de9a12d2de9c5cedca9b"},"headline":"NOUVELLE VOIE PI\u00c9TONNE \u00c0 L\u2019A\u00c9ROPORT DE BARAJAS","datePublished":"2018-06-18T10:27:01+00:00","dateModified":"2019-02-25T11:13:10+00:00","mainEntityOfPage":{"@id":"https:\/\/www.prefabri-africa.com\/fr\/voie-pietonne-aeroport-de-barajas\/"},"wordCount":405,"publisher":{"@id":"https:\/\/www.prefabri-africa.com\/#organization"},"keywords":["abris de parking"],"articleSection":["Noticias","Projets R\u00e9cents","Sin categor\u00eda"],"inLanguage":"fr-FR"},{"@type":"WebPage","@id":"https:\/\/www.prefabri-africa.com\/fr\/voie-pietonne-aeroport-de-barajas\/","url":"https:\/\/www.prefabri-africa.com\/fr\/voie-pietonne-aeroport-de-barajas\/","name":"VOIE PI\u00c9TONNE \u00c0 L\u2019A\u00c9ROPORT DE BARAJAS | PREFABRI AFRICA","isPartOf":{"@id":"https:\/\/www.prefabri-africa.com\/#website"},"datePublished":"2018-06-18T10:27:01+00:00","dateModified":"2019-02-25T11:13:10+00:00","description":"Cette voie\u00a0pi\u00e9tonne reliera le parking d\u2019autobus et le Terminal 1 de l\u2019a\u00e9roport, permettant aux personnes de se d\u00e9placer facilement du parking \u00e0 l\u2019a\u00e9roport.","breadcrumb":{"@id":"https:\/\/www.prefabri-africa.com\/fr\/voie-pietonne-aeroport-de-barajas\/#breadcrumb"},"inLanguage":"fr-FR","potentialAction":[{"@type":"ReadAction","target":["https:\/\/www.prefabri-africa.com\/fr\/voie-pietonne-aeroport-de-barajas\/"]}]},{"@type":"BreadcrumbList","@id":"https:\/\/www.prefabri-africa.com\/fr\/voie-pietonne-aeroport-de-barajas\/#breadcrumb","itemListElement":[{"@type":"ListItem","position":1,"name":"Portada","item":"https:\/\/www.prefabri-africa.com\/fr\/"},{"@type":"ListItem","position":2,"name":"NOUVELLE VOIE PI\u00c9TONNE \u00c0 L\u2019A\u00c9ROPORT DE BARAJAS"}]},{"@type":"WebSite","@id":"https:\/\/www.prefabri-africa.com\/#website","url":"https:\/\/www.prefabri-africa.com\/","name":"PREFABRI AFRICA - Prefabricated Modular Buildings","description":"Alquiler y venta de construcciones modulares, casetas de obra, marquesinas de aparcamiento y vallas y cerramientos.","publisher":{"@id":"https:\/\/www.prefabri-africa.com\/#organization"},"potentialAction":[{"@type":"SearchAction","target":{"@type":"EntryPoint","urlTemplate":"https:\/\/www.prefabri-africa.com\/?s={search_term_string}"},"query-input":"required name=search_term_string"}],"inLanguage":"fr-FR"},{"@type":"Organization","@id":"https:\/\/www.prefabri-africa.com\/#organization","name":"Prefabri SL","url":"https:\/\/www.prefabri-africa.com\/","logo":{"@type":"ImageObject","inLanguage":"fr-FR","@id":"https:\/\/www.prefabri-africa.com\/#\/schema\/logo\/image\/","url":"https:\/\/www.prefabri-africa.com\/wp-content\/uploads\/logo.png","contentUrl":"https:\/\/www.prefabri-africa.com\/wp-content\/uploads\/logo.png","width":211,"height":103,"caption":"Prefabri SL"},"image":{"@id":"https:\/\/www.prefabri-africa.com\/#\/schema\/logo\/image\/"}},{"@type":"Person","@id":"https:\/\/www.prefabri-africa.com\/#\/schema\/person\/911c88e257e6de9a12d2de9c5cedca9b","name":"admin","image":{"@type":"ImageObject","inLanguage":"fr-FR","@id":"https:\/\/www.prefabri-africa.com\/#\/schema\/person\/image\/","url":"https:\/\/secure.gravatar.com\/avatar\/197b0fcc721d6b4c41522d8b83dfc3db?s=96&d=mm&r=g","contentUrl":"https:\/\/secure.gravatar.com\/avatar\/197b0fcc721d6b4c41522d8b83dfc3db?s=96&d=mm&r=g","caption":"admin"},"sameAs":["https:\/\/www.europa-prefabri.com","https:\/\/twitter.com\/@EuropaPrefabri"]}]}},"_links":{"self":[{"href":"https:\/\/www.prefabri-africa.com\/fr\/wp-json\/wp\/v2\/posts\/10961"}],"collection":[{"href":"https:\/\/www.prefabri-africa.com\/fr\/wp-json\/wp\/v2\/posts"}],"about":[{"href":"https:\/\/www.prefabri-africa.com\/fr\/wp-json\/wp\/v2\/types\/post"}],"author":[{"embeddable":true,"href":"https:\/\/www.prefabri-africa.com\/fr\/wp-json\/wp\/v2\/users\/4"}],"replies":[{"embeddable":true,"href":"https:\/\/www.prefabri-africa.com\/fr\/wp-json\/wp\/v2\/comments?post=10961"}],"version-history":[{"count":5,"href":"https:\/\/www.prefabri-africa.com\/fr\/wp-json\/wp\/v2\/posts\/10961\/revisions"}],"predecessor-version":[{"id":12522,"href":"https:\/\/www.prefabri-africa.com\/fr\/wp-json\/wp\/v2\/posts\/10961\/revisions\/12522"}],"wp:featuredmedia":[{"embeddable":true,"href":"https:\/\/www.prefabri-africa.com\/fr\/wp-json\/wp\/v2\/media\/10952"}],"wp:attachment":[{"href":"https:\/\/www.prefabri-africa.com\/fr\/wp-json\/wp\/v2\/media?parent=10961"}],"wp:term":[{"taxonomy":"category","embeddable":true,"href":"https:\/\/www.prefabri-africa.com\/fr\/wp-json\/wp\/v2\/categories?post=10961"},{"taxonomy":"post_tag","embeddable":true,"href":"https:\/\/www.prefabri-africa.com\/fr\/wp-json\/wp\/v2\/tags?post=10961"}],"curies":[{"name":"wp","href":"https:\/\/api.w.org\/{rel}","templated":true}]}}