{"id":10260,"date":"2018-04-17T14:51:03","date_gmt":"2018-04-17T14:51:03","guid":{"rendered":"http:\/\/www.prefabri-africa.com\/?p=10260"},"modified":"2020-02-12T10:52:01","modified_gmt":"2020-02-12T10:52:01","slug":"base-de-vie-modulaire-au-senegal","status":"publish","type":"post","link":"https:\/\/www.prefabri-africa.com\/fr\/base-de-vie-modulaire-au-senegal\/","title":{"rendered":"NOUVEAU PROJET DE PREFABRI AFRICA EN AFRIQUE : BASE DE VIE AU S\u00c9N\u00c9GAL"},"content":{"rendered":"<p>Nous pr\u00e9sentons le projet que nous sommes entrain de r\u00e9alis\u00e9 au S\u00e9n\u00e9gal. Il s&rsquo;agit d&rsquo;une base de vie modulaire et <a href=\"http:\/\/www.europa-prefabri.com\/fr\/portfolio-item\/bases-de-vie\/\">campement de travailleurs<\/a> au S\u00e9n\u00e9gal \u00a0pour une entreprise de construction espagnole.<\/p>\n<p>Le projet comprend un espace de cuisine, un espace pour les vestiaires et des modules autonomes de logement, chacun poss\u00e8de deux chambres et une salle de bain.<\/p>\n<p>Dans ce projet de base de vie modulaire nous comptons sur l&rsquo;inestimable aide d&rsquo;une entreprise locale 2K Consulting.<\/p>\n<p>Le groupe Prefabri Africa est leader dans la conception, fabrication et le montage de solutions modulaires en Afrique.<\/p>\n<h3><strong>Parmi les projets r\u00e9alis\u00e9s en Afrique il y a eu:<\/strong><\/h3>\n<ul>\n<li>La conception, transport et le montage d&rsquo;abris de parking pour les d\u00e9p\u00f4ts de tramway d\u2019Ouargla en Alg\u00e9rie. Dans ce projet nous couvrons 161 places de 8 groupes pour les v\u00e9hicules standards; 12 places pour les v\u00e9hicules de mobilit\u00e9 r\u00e9duite; et 20 places pour les motos.<\/li>\n<li>Nous avons r\u00e9alis\u00e9 le montage de bureaux modulaires pour l&rsquo;A\u00e9roport international Houari Boumediene de Alger, en Alg\u00e9rie. Ce projet est inscrit dans le cadre du\u00a0 projet de d\u00e9veloppement de l&rsquo;a\u00e9roport, qui pourra d\u00e9sormais accueillir 22 millions de passagers chaque ann\u00e9e au lieu des 12 milles actuellement.<\/li>\n<li>Le montage d&rsquo;un ensemble de bureau modulaire pour les entreprises charg\u00e9es du projet EKO ATLANTIC au Lagos, en Nig\u00e9ria.<\/li>\n<li>La fabrication et le montage d&rsquo;une base de vie modulaire pr\u00e9fabriqu\u00e9e \u00e0 Kribi, au Cameroun. Il s&rsquo;agit d&rsquo;un ensemble de construction modulaire de plus de 500m\u00b2 compos\u00e9 de bureaux, laboratoire, cantine, vestiaires, infirmerie, sanitaires\u2026<\/li>\n<li>Montage de bureaux modulaires au S\u00e9n\u00e9gal pour une des plus importantes entreprises fran\u00e7aises de construction et de travaux publics.<\/li>\n<li>La r\u00e9alisation d&rsquo;un b\u00e2timent modulaire pour le port de Tanger au Maroc. A cause des conditions climatiques extr\u00eame d&rsquo;humidit\u00e9 et de salinit\u00e9 dans la r\u00e9gion, il faut utiliser un panneau sandwich standard en acier galvanis\u00e9. Pour ce projet nous avons utilis\u00e9 un panneau sp\u00e9cial fabriqu\u00e9 sur mesure. Ce panneau est compos\u00e9 de lamin\u00e9 d&rsquo;aluminium sp\u00e9cial certifi\u00e9 CUALMARINE\u00ae pour les environnements salins et avec isolant de laine de roche de 100mm \u00e0 l\u00b4int\u00e9rieur.<\/li>\n<\/ul>\n<h3><strong>Transport International<\/strong><\/h3>\n<p>Pour la r\u00e9alisation de ces travaux, nos modules sont enti\u00e8rement d\u00e9montables et nous r\u00e9alisons le transport gr\u00e2ce au syst\u00e8me de KIT ou FLAT-PACK. Ce syst\u00e8me est con\u00e7u pour optimiser le plus d&rsquo;espace possible et pour r\u00e9duire ainsi les co\u00fbts logistiques, en facilitant en m\u00eame temps le montage dans le lieu de destination.<\/p>\n<h3><strong>Pr\u00e9sence internationale<\/strong><\/h3>\n<p>\u00c9galement, nous continuons de miser fort sur l&rsquo;internationalisation de l&rsquo;entreprise; un bel exemple de cela est notre participation \u00e0 la foire AfricaBuild 2016.<\/p>\n","protected":false},"excerpt":{"rendered":"<p>Nous pr\u00e9sentons le projet que nous sommes entrain de r\u00e9alis\u00e9 au S\u00e9n\u00e9gal. Il s&rsquo;agit d&rsquo;une base de vie modulaire et campement de travailleurs au S\u00e9n\u00e9gal \u00a0pour une entreprise de construction espagnole. Le projet comprend un espace de cuisine, un espace pour les vestiaires et des modules autonomes de logement, chacun poss\u00e8de deux chambres et une [&hellip;]<\/p>\n","protected":false},"author":4,"featured_media":11545,"comment_status":"closed","ping_status":"closed","sticky":false,"template":"","format":"gallery","meta":{"footnotes":""},"categories":[58,294],"tags":[308,309],"yoast_head":"<!-- This site is optimized with the Yoast SEO plugin v21.7 - https:\/\/yoast.com\/wordpress\/plugins\/seo\/ -->\n<title>Base de vie modulaire et campement de travailleurs au S\u00e9n\u00e9gal<\/title>\n<meta name=\"description\" content=\"Nous pr\u00e9sentons le projet que nous sommes entrain de r\u00e9alis\u00e9 au S\u00e9n\u00e9gal. Il s&#039;agit d&#039;une base de vie modulaire et campement de travailleurs au S\u00e9n\u00e9gal \u00a0pour une entreprise de construction espagnole.\" \/>\n<meta name=\"robots\" content=\"index, follow, max-snippet:-1, max-image-preview:large, max-video-preview:-1\" \/>\n<link rel=\"canonical\" href=\"https:\/\/www.prefabri-africa.com\/fr\/base-de-vie-modulaire-au-senegal\/\" \/>\n<meta property=\"og:locale\" content=\"fr_FR\" \/>\n<meta property=\"og:type\" content=\"article\" \/>\n<meta property=\"og:title\" content=\"Base de vie modulaire et campement de travailleurs au S\u00e9n\u00e9gal\" \/>\n<meta property=\"og:description\" content=\"Nous pr\u00e9sentons le projet que nous sommes entrain de r\u00e9alis\u00e9 au S\u00e9n\u00e9gal. Il s&#039;agit d&#039;une base de vie modulaire et campement de travailleurs au S\u00e9n\u00e9gal \u00a0pour une entreprise de construction espagnole.\" \/>\n<meta property=\"og:url\" content=\"https:\/\/www.prefabri-africa.com\/fr\/base-de-vie-modulaire-au-senegal\/\" \/>\n<meta property=\"og:site_name\" content=\"PREFABRI AFRICA - Prefabricated Modular Buildings\" \/>\n<meta property=\"article:published_time\" content=\"2018-04-17T14:51:03+00:00\" \/>\n<meta property=\"article:modified_time\" content=\"2020-02-12T10:52:01+00:00\" \/>\n<meta property=\"og:image\" content=\"https:\/\/www.prefabri-africa.com\/wp-content\/uploads\/campamento-de-trabajadores-en-senegal02-1030x620.jpg\" \/>\n\t<meta property=\"og:image:width\" content=\"1030\" \/>\n\t<meta property=\"og:image:height\" content=\"620\" \/>\n\t<meta property=\"og:image:type\" content=\"image\/jpeg\" \/>\n<meta name=\"author\" content=\"admin\" \/>\n<meta name=\"twitter:card\" content=\"summary_large_image\" \/>\n<meta name=\"twitter:creator\" content=\"@EuropaPrefabri\" \/>\n<meta name=\"twitter:label1\" content=\"\u00c9crit par\" \/>\n\t<meta name=\"twitter:data1\" content=\"admin\" \/>\n\t<meta name=\"twitter:label2\" content=\"Dur\u00e9e de lecture estim\u00e9e\" \/>\n\t<meta name=\"twitter:data2\" content=\"2 minutes\" \/>\n<script type=\"application\/ld+json\" class=\"yoast-schema-graph\">{\"@context\":\"https:\/\/schema.org\",\"@graph\":[{\"@type\":\"Article\",\"@id\":\"https:\/\/www.prefabri-africa.com\/fr\/base-de-vie-modulaire-au-senegal\/#article\",\"isPartOf\":{\"@id\":\"https:\/\/www.prefabri-africa.com\/fr\/base-de-vie-modulaire-au-senegal\/\"},\"author\":{\"name\":\"admin\",\"@id\":\"https:\/\/www.prefabri-africa.com\/#\/schema\/person\/911c88e257e6de9a12d2de9c5cedca9b\"},\"headline\":\"NOUVEAU PROJET DE PREFABRI AFRICA EN AFRIQUE : BASE DE VIE AU S\u00c9N\u00c9GAL\",\"datePublished\":\"2018-04-17T14:51:03+00:00\",\"dateModified\":\"2020-02-12T10:52:01+00:00\",\"mainEntityOfPage\":{\"@id\":\"https:\/\/www.prefabri-africa.com\/fr\/base-de-vie-modulaire-au-senegal\/\"},\"wordCount\":472,\"publisher\":{\"@id\":\"https:\/\/www.prefabri-africa.com\/#organization\"},\"keywords\":[\"bases de vie\",\"campements de travailleurs\"],\"articleSection\":[\"Actualit\u00e9s\",\"Projets R\u00e9cents\"],\"inLanguage\":\"fr-FR\"},{\"@type\":\"WebPage\",\"@id\":\"https:\/\/www.prefabri-africa.com\/fr\/base-de-vie-modulaire-au-senegal\/\",\"url\":\"https:\/\/www.prefabri-africa.com\/fr\/base-de-vie-modulaire-au-senegal\/\",\"name\":\"Base de vie modulaire et campement de travailleurs au S\u00e9n\u00e9gal\",\"isPartOf\":{\"@id\":\"https:\/\/www.prefabri-africa.com\/#website\"},\"datePublished\":\"2018-04-17T14:51:03+00:00\",\"dateModified\":\"2020-02-12T10:52:01+00:00\",\"description\":\"Nous pr\u00e9sentons le projet que nous sommes entrain de r\u00e9alis\u00e9 au S\u00e9n\u00e9gal. Il s'agit d'une base de vie modulaire et campement de travailleurs au S\u00e9n\u00e9gal \u00a0pour une entreprise de construction espagnole.\",\"breadcrumb\":{\"@id\":\"https:\/\/www.prefabri-africa.com\/fr\/base-de-vie-modulaire-au-senegal\/#breadcrumb\"},\"inLanguage\":\"fr-FR\",\"potentialAction\":[{\"@type\":\"ReadAction\",\"target\":[\"https:\/\/www.prefabri-africa.com\/fr\/base-de-vie-modulaire-au-senegal\/\"]}]},{\"@type\":\"BreadcrumbList\",\"@id\":\"https:\/\/www.prefabri-africa.com\/fr\/base-de-vie-modulaire-au-senegal\/#breadcrumb\",\"itemListElement\":[{\"@type\":\"ListItem\",\"position\":1,\"name\":\"Portada\",\"item\":\"https:\/\/www.prefabri-africa.com\/fr\/\"},{\"@type\":\"ListItem\",\"position\":2,\"name\":\"NOUVEAU PROJET DE PREFABRI AFRICA EN AFRIQUE : BASE DE VIE AU S\u00c9N\u00c9GAL\"}]},{\"@type\":\"WebSite\",\"@id\":\"https:\/\/www.prefabri-africa.com\/#website\",\"url\":\"https:\/\/www.prefabri-africa.com\/\",\"name\":\"PREFABRI AFRICA - Prefabricated Modular Buildings\",\"description\":\"Alquiler y venta de construcciones modulares, casetas de obra, marquesinas de aparcamiento y vallas y cerramientos.\",\"publisher\":{\"@id\":\"https:\/\/www.prefabri-africa.com\/#organization\"},\"potentialAction\":[{\"@type\":\"SearchAction\",\"target\":{\"@type\":\"EntryPoint\",\"urlTemplate\":\"https:\/\/www.prefabri-africa.com\/?s={search_term_string}\"},\"query-input\":\"required name=search_term_string\"}],\"inLanguage\":\"fr-FR\"},{\"@type\":\"Organization\",\"@id\":\"https:\/\/www.prefabri-africa.com\/#organization\",\"name\":\"Prefabri SL\",\"url\":\"https:\/\/www.prefabri-africa.com\/\",\"logo\":{\"@type\":\"ImageObject\",\"inLanguage\":\"fr-FR\",\"@id\":\"https:\/\/www.prefabri-africa.com\/#\/schema\/logo\/image\/\",\"url\":\"https:\/\/www.prefabri-africa.com\/wp-content\/uploads\/logo.png\",\"contentUrl\":\"https:\/\/www.prefabri-africa.com\/wp-content\/uploads\/logo.png\",\"width\":211,\"height\":103,\"caption\":\"Prefabri SL\"},\"image\":{\"@id\":\"https:\/\/www.prefabri-africa.com\/#\/schema\/logo\/image\/\"}},{\"@type\":\"Person\",\"@id\":\"https:\/\/www.prefabri-africa.com\/#\/schema\/person\/911c88e257e6de9a12d2de9c5cedca9b\",\"name\":\"admin\",\"image\":{\"@type\":\"ImageObject\",\"inLanguage\":\"fr-FR\",\"@id\":\"https:\/\/www.prefabri-africa.com\/#\/schema\/person\/image\/\",\"url\":\"https:\/\/secure.gravatar.com\/avatar\/197b0fcc721d6b4c41522d8b83dfc3db?s=96&d=mm&r=g\",\"contentUrl\":\"https:\/\/secure.gravatar.com\/avatar\/197b0fcc721d6b4c41522d8b83dfc3db?s=96&d=mm&r=g\",\"caption\":\"admin\"},\"sameAs\":[\"https:\/\/www.europa-prefabri.com\",\"https:\/\/twitter.com\/@EuropaPrefabri\"]}]}<\/script>\n<!-- \/ Yoast SEO plugin. -->","yoast_head_json":{"title":"Base de vie modulaire et campement de travailleurs au S\u00e9n\u00e9gal","description":"Nous pr\u00e9sentons le projet que nous sommes entrain de r\u00e9alis\u00e9 au S\u00e9n\u00e9gal. Il s'agit d'une base de vie modulaire et campement de travailleurs au S\u00e9n\u00e9gal \u00a0pour une entreprise de construction espagnole.","robots":{"index":"index","follow":"follow","max-snippet":"max-snippet:-1","max-image-preview":"max-image-preview:large","max-video-preview":"max-video-preview:-1"},"canonical":"https:\/\/www.prefabri-africa.com\/fr\/base-de-vie-modulaire-au-senegal\/","og_locale":"fr_FR","og_type":"article","og_title":"Base de vie modulaire et campement de travailleurs au S\u00e9n\u00e9gal","og_description":"Nous pr\u00e9sentons le projet que nous sommes entrain de r\u00e9alis\u00e9 au S\u00e9n\u00e9gal. Il s'agit d'une base de vie modulaire et campement de travailleurs au S\u00e9n\u00e9gal \u00a0pour une entreprise de construction espagnole.","og_url":"https:\/\/www.prefabri-africa.com\/fr\/base-de-vie-modulaire-au-senegal\/","og_site_name":"PREFABRI AFRICA - Prefabricated Modular Buildings","article_published_time":"2018-04-17T14:51:03+00:00","article_modified_time":"2020-02-12T10:52:01+00:00","og_image":[{"width":1030,"height":620,"url":"https:\/\/www.prefabri-africa.com\/wp-content\/uploads\/campamento-de-trabajadores-en-senegal02-1030x620.jpg","type":"image\/jpeg"}],"author":"admin","twitter_card":"summary_large_image","twitter_creator":"@EuropaPrefabri","twitter_misc":{"\u00c9crit par":"admin","Dur\u00e9e de lecture estim\u00e9e":"2 minutes"},"schema":{"@context":"https:\/\/schema.org","@graph":[{"@type":"Article","@id":"https:\/\/www.prefabri-africa.com\/fr\/base-de-vie-modulaire-au-senegal\/#article","isPartOf":{"@id":"https:\/\/www.prefabri-africa.com\/fr\/base-de-vie-modulaire-au-senegal\/"},"author":{"name":"admin","@id":"https:\/\/www.prefabri-africa.com\/#\/schema\/person\/911c88e257e6de9a12d2de9c5cedca9b"},"headline":"NOUVEAU PROJET DE PREFABRI AFRICA EN AFRIQUE : BASE DE VIE AU S\u00c9N\u00c9GAL","datePublished":"2018-04-17T14:51:03+00:00","dateModified":"2020-02-12T10:52:01+00:00","mainEntityOfPage":{"@id":"https:\/\/www.prefabri-africa.com\/fr\/base-de-vie-modulaire-au-senegal\/"},"wordCount":472,"publisher":{"@id":"https:\/\/www.prefabri-africa.com\/#organization"},"keywords":["bases de vie","campements de travailleurs"],"articleSection":["Actualit\u00e9s","Projets R\u00e9cents"],"inLanguage":"fr-FR"},{"@type":"WebPage","@id":"https:\/\/www.prefabri-africa.com\/fr\/base-de-vie-modulaire-au-senegal\/","url":"https:\/\/www.prefabri-africa.com\/fr\/base-de-vie-modulaire-au-senegal\/","name":"Base de vie modulaire et campement de travailleurs au S\u00e9n\u00e9gal","isPartOf":{"@id":"https:\/\/www.prefabri-africa.com\/#website"},"datePublished":"2018-04-17T14:51:03+00:00","dateModified":"2020-02-12T10:52:01+00:00","description":"Nous pr\u00e9sentons le projet que nous sommes entrain de r\u00e9alis\u00e9 au S\u00e9n\u00e9gal. Il s'agit d'une base de vie modulaire et campement de travailleurs au S\u00e9n\u00e9gal \u00a0pour une entreprise de construction espagnole.","breadcrumb":{"@id":"https:\/\/www.prefabri-africa.com\/fr\/base-de-vie-modulaire-au-senegal\/#breadcrumb"},"inLanguage":"fr-FR","potentialAction":[{"@type":"ReadAction","target":["https:\/\/www.prefabri-africa.com\/fr\/base-de-vie-modulaire-au-senegal\/"]}]},{"@type":"BreadcrumbList","@id":"https:\/\/www.prefabri-africa.com\/fr\/base-de-vie-modulaire-au-senegal\/#breadcrumb","itemListElement":[{"@type":"ListItem","position":1,"name":"Portada","item":"https:\/\/www.prefabri-africa.com\/fr\/"},{"@type":"ListItem","position":2,"name":"NOUVEAU PROJET DE PREFABRI AFRICA EN AFRIQUE : BASE DE VIE AU S\u00c9N\u00c9GAL"}]},{"@type":"WebSite","@id":"https:\/\/www.prefabri-africa.com\/#website","url":"https:\/\/www.prefabri-africa.com\/","name":"PREFABRI AFRICA - Prefabricated Modular Buildings","description":"Alquiler y venta de construcciones modulares, casetas de obra, marquesinas de aparcamiento y vallas y cerramientos.","publisher":{"@id":"https:\/\/www.prefabri-africa.com\/#organization"},"potentialAction":[{"@type":"SearchAction","target":{"@type":"EntryPoint","urlTemplate":"https:\/\/www.prefabri-africa.com\/?s={search_term_string}"},"query-input":"required name=search_term_string"}],"inLanguage":"fr-FR"},{"@type":"Organization","@id":"https:\/\/www.prefabri-africa.com\/#organization","name":"Prefabri SL","url":"https:\/\/www.prefabri-africa.com\/","logo":{"@type":"ImageObject","inLanguage":"fr-FR","@id":"https:\/\/www.prefabri-africa.com\/#\/schema\/logo\/image\/","url":"https:\/\/www.prefabri-africa.com\/wp-content\/uploads\/logo.png","contentUrl":"https:\/\/www.prefabri-africa.com\/wp-content\/uploads\/logo.png","width":211,"height":103,"caption":"Prefabri SL"},"image":{"@id":"https:\/\/www.prefabri-africa.com\/#\/schema\/logo\/image\/"}},{"@type":"Person","@id":"https:\/\/www.prefabri-africa.com\/#\/schema\/person\/911c88e257e6de9a12d2de9c5cedca9b","name":"admin","image":{"@type":"ImageObject","inLanguage":"fr-FR","@id":"https:\/\/www.prefabri-africa.com\/#\/schema\/person\/image\/","url":"https:\/\/secure.gravatar.com\/avatar\/197b0fcc721d6b4c41522d8b83dfc3db?s=96&d=mm&r=g","contentUrl":"https:\/\/secure.gravatar.com\/avatar\/197b0fcc721d6b4c41522d8b83dfc3db?s=96&d=mm&r=g","caption":"admin"},"sameAs":["https:\/\/www.europa-prefabri.com","https:\/\/twitter.com\/@EuropaPrefabri"]}]}},"_links":{"self":[{"href":"https:\/\/www.prefabri-africa.com\/fr\/wp-json\/wp\/v2\/posts\/10260"}],"collection":[{"href":"https:\/\/www.prefabri-africa.com\/fr\/wp-json\/wp\/v2\/posts"}],"about":[{"href":"https:\/\/www.prefabri-africa.com\/fr\/wp-json\/wp\/v2\/types\/post"}],"author":[{"embeddable":true,"href":"https:\/\/www.prefabri-africa.com\/fr\/wp-json\/wp\/v2\/users\/4"}],"replies":[{"embeddable":true,"href":"https:\/\/www.prefabri-africa.com\/fr\/wp-json\/wp\/v2\/comments?post=10260"}],"version-history":[{"count":11,"href":"https:\/\/www.prefabri-africa.com\/fr\/wp-json\/wp\/v2\/posts\/10260\/revisions"}],"predecessor-version":[{"id":12661,"href":"https:\/\/www.prefabri-africa.com\/fr\/wp-json\/wp\/v2\/posts\/10260\/revisions\/12661"}],"wp:featuredmedia":[{"embeddable":true,"href":"https:\/\/www.prefabri-africa.com\/fr\/wp-json\/wp\/v2\/media\/11545"}],"wp:attachment":[{"href":"https:\/\/www.prefabri-africa.com\/fr\/wp-json\/wp\/v2\/media?parent=10260"}],"wp:term":[{"taxonomy":"category","embeddable":true,"href":"https:\/\/www.prefabri-africa.com\/fr\/wp-json\/wp\/v2\/categories?post=10260"},{"taxonomy":"post_tag","embeddable":true,"href":"https:\/\/www.prefabri-africa.com\/fr\/wp-json\/wp\/v2\/tags?post=10260"}],"curies":[{"name":"wp","href":"https:\/\/api.w.org\/{rel}","templated":true}]}}